{"provider_url": "https://www.patobranco.pr.leg.br", "title": "Mesa Diretora assina Ato da Presid\u00eancia ", "html": "<p class=\"textoNoticias\" style=\"text-align: left; \"><span>Foi assinado na manh\u00e3 desta quinta-feira (30), um Ato da Presid\u00eancia cancelando a Sess\u00e3o Extraordin\u00e1ria, que seria realizada nesta tarde, para segunda vota\u00e7\u00e3o do Projeto de Lei Complementar n\u00ba 5, de 2020, de autoria do Executivo, que disp\u00f5e sobre a altera\u00e7\u00e3o da Lei Complementar n\u00ba 74, de 23 de abril de 2018.</span><span><img src=\"https://www.patobranco.pr.leg.br/imagens-noticias/WhatsAppImage20200730at11.26.24AM.jpeg/@@images/49d9fe06-21cb-4234-b33c-51421a0bba91.jpeg\" alt=\"Mesa Diretora em coletiva para anunciar o Ato da Presid\u00eancia\" class=\"image-left\" title=\"\" /></span></p>\r\n<p class=\"textoNoticias\" style=\"text-align: left; \"><span>O Ato segue o disposto na Portaria n\u00b0 18.084, de 29 de julho de 2020, expedida pelo secret\u00e1rio especial da Previd\u00eancia e Trabalho do Minist\u00e9rio do Trabalho e publicada nesta quinta-feira, que prorroga para 30 de setembro o prazo de adequa\u00e7\u00e3o de\u00a0</span></p>\r\n<p class=\"textoNoticias\" style=\"text-align: left; \"><span>Nas imagens, a Mesa Diretora realizando a assinatura do Ato da Presid\u00eancia e participando da coletiva de imprensa.</span></p>", "author_name": "", "version": "1.0", "author_url": "https://www.patobranco.pr.leg.br/author/laiane.carniel", "provider_name": "C\u00e2mara Municipal de Pato Branco", "type": "rich"}